{"id":1072,"date":"2018-05-03T18:44:55","date_gmt":"2018-05-03T18:44:55","guid":{"rendered":"http:\/\/www.ecosdemantua.cu\/?p=1072"},"modified":"2018-05-03T18:44:55","modified_gmt":"2018-05-03T18:44:55","slug":"cuba-fragua-del-nuevo-mundo","status":"publish","type":"post","link":"http:\/\/www.ecosdemantua.cu\/index.php\/2018\/05\/03\/cuba-fragua-del-nuevo-mundo\/","title":{"rendered":"Cuba, Fragua del Nuevo Mundo"},"content":{"rendered":"<p><img loading=\"lazy\" class=\"size-medium wp-image-1074 alignleft\" src=\"http:\/\/www.ecosdemantua.cu\/wp-content\/uploads\/2018\/05\/DSC_0080-300x199.jpg\" alt=\"\" width=\"300\" height=\"199\" srcset=\"http:\/\/www.ecosdemantua.cu\/wp-content\/uploads\/2018\/05\/DSC_0080-300x199.jpg 300w, http:\/\/www.ecosdemantua.cu\/wp-content\/uploads\/2018\/05\/DSC_0080-600x399.jpg 600w, http:\/\/www.ecosdemantua.cu\/wp-content\/uploads\/2018\/05\/DSC_0080-150x100.jpg 150w, http:\/\/www.ecosdemantua.cu\/wp-content\/uploads\/2018\/05\/DSC_0080-768x510.jpg 768w, http:\/\/www.ecosdemantua.cu\/wp-content\/uploads\/2018\/05\/DSC_0080-1024x680.jpg 1024w\" sizes=\"(max-width: 300px) 100vw, 300px\" \/><strong>Por: Pablo Andr\u00e9s Pitaluga<\/strong><\/p>\n<p>El pasado 29 de marzo, convocada por La C\u00e1tedra Honor\u00edfica de Estudios Interculturales e Identidad de la Universidad de La Habana, tuvo lugar \u00a0en el Centro de Convenciones de la Casa de altos estudios, el <strong>1er Encuentro Nacional de Estudios Culturales FENHI 2018<\/strong><strong>, <\/strong><em>Cuba, Fragua del Nuevo Mundo;<\/em> certamen que reuni\u00f3 a investigadores, docentes, estudiantes, artistas y practicantes religiosos de toda la isla, vinculados a los <strong>Estudios Culturales<\/strong>, cuyo objetivo fue evaluar el estado actual de la disciplina en sus m\u00e1s diversas manifestaciones, as\u00ed como, continuar la labor de profundizaci\u00f3n y esclarecimiento del impacto del intercambio intercultural, sobre las sociedades coloniales, postcoloniales y contempor\u00e1neas de Cuba, el Caribe y las Am\u00e9ricas.<\/p>\n<p><!--more--><\/p>\n<p>Las palabras de apertura estuvieron a cargo del Dr. Jes\u00fas Guanche P\u00e9rez, quien entrego al Dr. Miguel Barnet Lanza, en reconocimiento a su ardua labor en defensa de nuestra identidad, la distinci\u00f3n que lo acredita como Miembro de honor de la C\u00e1tedra de Estudios Interculturales e Identidad de la Universidad de La Habana.<\/p>\n<p>El Msc. Manuel de J. Rabaza Torres, en nombre del comit\u00e9 organizador, resalt\u00f3 la importancia de este 1er encuentro al reunir a \u00a087 autores en sesenta y cuatro ponencias.<\/p>\n<p>Los trabajos estuvieron divididos en seis paneles:<\/p>\n<p><em>1)- Estudios Culturales, Interculturalidad, Cultura e Identidad <\/em><em>en <\/em><em>Cuba, el Caribe y las Am\u00e9ricas<\/em><\/p>\n<p><em>2)-Los estudios culturales y el PEA de ELE y ELE2, en Cuba, el Caribe y las Am\u00e9ricas. <\/em><\/p>\n<p><em>3)-Estudios culturales, interculturalidad y migraci\u00f3n en<\/em><em> las sociedades coloniales, postcoloniales y contempor\u00e1neas de <\/em><em>Cuba, el Caribe y las Am\u00e9ricas.<\/em><\/p>\n<p><em>4)-Los estudios culturales y las artes en <\/em><em>las sociedades coloniales, postcoloniales y contempor\u00e1neas de <\/em><em>Cuba, el Caribe y las Am\u00e9ricas.<\/em><\/p>\n<p><em>5)-Los estudios culturales, marginaci\u00f3n y marginalidad <\/em><em>en las sociedades coloniales, postcoloniales y contempor\u00e1neas de <\/em><em>Cuba, el Caribe y las Am\u00e9ricas.<\/em><\/p>\n<p><em>6)- Los estudios culturales, religi\u00f3n y religiosidad en <\/em><em>las sociedades coloniales, postcoloniales y contempor\u00e1neas de <\/em><em>Cuba, el Caribe y las Am\u00e9ricas.<\/em><\/p>\n<p>Mantua,\u00a0 fue centro de an\u00e1lisis en el panel <strong>\u201cEstudios culturales, interculturalidad y migraci\u00f3n\u201d<\/strong>; presidido por el Dr. Michael Cobiella; en esta ocasi\u00f3n y por consenso tras la intervenci\u00f3n del investigador y miembro de la Uni\u00f3n Nacional de Historiadores de Cuba Pablo Andr\u00e9s Pitaluga Pitaluga y con la presencia de destacados\u00a0 estudiosos de la influencia de la cultura europea en Cuba, como el Dr. Avelino V\u00edctor Couceiro Rodr\u00edguez, Dr. Gustavo Josu\u00e9 L\u00f3pez Ram\u00edrez, Dr. Ronald Antonio Ram\u00edrez Castellanos y los MSc. Dagoberto Rodr\u00edguez Abrahantes, \u00a0Vicente Robinson Echevarr\u00eda, Pedro Luis Hern\u00e1ndez P\u00e9rez, Ra\u00fal Martell \u00c1lvarez, entre otros; se reconoci\u00f3 a la Villa de Mantua, situada al noroeste de la provincia de Pinar del Rio, como el primer asentamiento de inmigrantes italianos en las islas del Caribe.<\/p>\n<p>Como parte de los festejos por los 500 a\u00f1os de la fundaci\u00f3n de \u00a0la Villa de San Crist\u00f3bal de La Habana, tuvo lugar en el marco del evento la premier del documental \u00a8<strong><em>Sociedades italianas en La Habana\u00a8<\/em><\/strong> de la directora Gema Merlo, de los estudios Mundo Latino; en el que se les rindi\u00f3 tributo a historiadores e investigadores, \u00a0descendientes de italianos, como el Lic. Pedro Cosme Ba\u00f1os, el arquitecto Mario Coyula Cowley, y el destacado bailar\u00edn, core\u00f3grafo y fundador del ballet nacional de Cuba, Fernando Alonso Rayneri; figuras que legaron a las nuevas generaciones, valiosos testimonios que hoy forman parte de la historia de la Mayor de las Antillas<\/p>\n<p>&nbsp;<\/p>\n<p>&nbsp;<\/p>\n<p>&nbsp;<\/p>\n<p>&nbsp;<\/p>\n","protected":false},"excerpt":{"rendered":"<p>Por: Pablo Andr\u00e9s Pitaluga El pasado 29 de marzo, convocada por La C\u00e1tedra Honor\u00edfica de Estudios Interculturales e Identidad de la Universidad de La Habana, tuvo lugar \u00a0en el Centro de Convenciones de la Casa de altos estudios, el 1er Encuentro Nacional de Estudios Culturales FENHI 2018, Cuba, Fragua del Nuevo Mundo; certamen que reuni\u00f3 [&hellip;]<\/p>\n","protected":false},"author":1,"featured_media":0,"comment_status":"open","ping_status":"open","sticky":false,"template":"","format":"standard","meta":[],"categories":[4],"tags":[],"_links":{"self":[{"href":"http:\/\/www.ecosdemantua.cu\/index.php\/wp-json\/wp\/v2\/posts\/1072"}],"collection":[{"href":"http:\/\/www.ecosdemantua.cu\/index.php\/wp-json\/wp\/v2\/posts"}],"about":[{"href":"http:\/\/www.ecosdemantua.cu\/index.php\/wp-json\/wp\/v2\/types\/post"}],"author":[{"embeddable":true,"href":"http:\/\/www.ecosdemantua.cu\/index.php\/wp-json\/wp\/v2\/users\/1"}],"replies":[{"embeddable":true,"href":"http:\/\/www.ecosdemantua.cu\/index.php\/wp-json\/wp\/v2\/comments?post=1072"}],"version-history":[{"count":1,"href":"http:\/\/www.ecosdemantua.cu\/index.php\/wp-json\/wp\/v2\/posts\/1072\/revisions"}],"predecessor-version":[{"id":1076,"href":"http:\/\/www.ecosdemantua.cu\/index.php\/wp-json\/wp\/v2\/posts\/1072\/revisions\/1076"}],"wp:attachment":[{"href":"http:\/\/www.ecosdemantua.cu\/index.php\/wp-json\/wp\/v2\/media?parent=1072"}],"wp:term":[{"taxonomy":"category","embeddable":true,"href":"http:\/\/www.ecosdemantua.cu\/index.php\/wp-json\/wp\/v2\/categories?post=1072"},{"taxonomy":"post_tag","embeddable":true,"href":"http:\/\/www.ecosdemantua.cu\/index.php\/wp-json\/wp\/v2\/tags?post=1072"}],"curies":[{"name":"wp","href":"https:\/\/api.w.org\/{rel}","templated":true}]}}