{"id":1282,"date":"2018-07-21T16:25:47","date_gmt":"2018-07-21T16:25:47","guid":{"rendered":"http:\/\/www.ecosdemantua.cu\/?p=1282"},"modified":"2018-07-21T16:25:47","modified_gmt":"2018-07-21T16:25:47","slug":"el-plan-de-weyler-para-aniquilar-al-titan-de-bronce-en-pinar-del-rio","status":"publish","type":"post","link":"http:\/\/www.ecosdemantua.cu\/index.php\/2018\/07\/21\/el-plan-de-weyler-para-aniquilar-al-titan-de-bronce-en-pinar-del-rio\/","title":{"rendered":"El Plan De Weyler Para Aniquilar  Al Tit\u00e1n De Bronce En Pinar Del R\u00edo"},"content":{"rendered":"<p><img loading=\"lazy\" class=\" wp-image-1283 alignleft\" src=\"http:\/\/www.ecosdemantua.cu\/wp-content\/uploads\/2018\/07\/220px-Valeriano_Weyler_bust.jpg\" alt=\"\" width=\"302\" height=\"397\" srcset=\"http:\/\/www.ecosdemantua.cu\/wp-content\/uploads\/2018\/07\/220px-Valeriano_Weyler_bust.jpg 220w, http:\/\/www.ecosdemantua.cu\/wp-content\/uploads\/2018\/07\/220px-Valeriano_Weyler_bust-114x150.jpg 114w\" sizes=\"(max-width: 302px) 100vw, 302px\" \/> <strong>Por Enrique Pertierra<\/strong><\/p>\n<p>Con el fin expreso de eliminar el peligro que supon\u00eda Maceo al frente de un nutrido ej\u00e9rcito desplegado en casi todo el territorio de la Vuelta Abajo, el general Valeriano Weyler y Nicolau, Capit\u00e1n General de la Isla de Cuba, deline\u00f3 un plan de operaciones en el que se expon\u00edan con claridad dos objetivos primordiales; el primero, cerrarle el paso al Tit\u00e1n de Bronce y su Cuartel General hacia la Habana, confin\u00e1ndolo en Pinar del R\u00edo; el segundo, aniquilarlo en territorio pinare\u00f1o.<\/p>\n<p><!--more--><\/p>\n<p><img loading=\"lazy\" class=\" wp-image-1284 alignleft\" src=\"http:\/\/www.ecosdemantua.cu\/wp-content\/uploads\/2018\/07\/\u00edndice.jpg\" alt=\"\" width=\"303\" height=\"237\" srcset=\"http:\/\/www.ecosdemantua.cu\/wp-content\/uploads\/2018\/07\/\u00edndice.jpg 254w, http:\/\/www.ecosdemantua.cu\/wp-content\/uploads\/2018\/07\/\u00edndice-150x118.jpg 150w\" sizes=\"(max-width: 303px) 100vw, 303px\" \/><\/p>\n<p>Seg\u00fan \u00e9l, el primer objetivo\u00a0 se lograba con el establecimiento de la Trocha de Mariel a Majana, fortificada l\u00ednea militar infranqueable, de costa a costa en direcci\u00f3n norte-sur; el segundo, esperaba lograrlo empleando varias columnas de las diferentes armas, que operar\u00edan en toda la profundidad del territorio vueltabajero, comandadas por experimentados generales, a quienes orden\u00f3 establecer una estrecha cooperaci\u00f3n durante las operaciones militares y hasta les precis\u00f3 el desenvolvimiento de misiones concretas, otorg\u00e1ndole la mayor relevancia a las operaciones en la porci\u00f3n oriental de la provincia, donde se establecer\u00eda la citada trocha, lo cual obligaba a dise\u00f1ar una organizaci\u00f3n militar l\u00f3gica para esa zona pr\u00f3xima a la l\u00ednea fortificada Mariel-Majana (1).<\/p>\n<p>En relaci\u00f3n a la\u00a0 zona occidental de la provincia pinare\u00f1a Weyler indic\u00f3 que:<\/p>\n<p>\u201cLa 1<sup>ra<\/sup> Divisi\u00f3n del Tercer Cuerpo, al mando del general Molinas desde Pinar del R\u00edo, con una media Brigada, dirigida por el coronel Gelabert actuaba por Consolaci\u00f3n del Sur, Pilotos, y Paso Real, manten\u00eda ocupados y cuidados los poblados de esa zona. Otra media brigada formada por los batallones de Cantabria N<sup>o.<\/sup> 39, Wad Ras N<sup>o.<\/sup> 50 y un escuadr\u00f3n de caballer\u00eda provisional de Pizarro, ten\u00edan la misi\u00f3n de batir las partidas insurrectas locales en: Remates, Guane, Mantua, Arroyos. El racionamiento de esas fuerzas mientras no fuera posible hacerlo desde la Coloma, se realizar\u00eda desde la F\u00e9 \u00f3 Juan L\u00f3pez [\u2026]. Dios, etc.\u2014W<strong>EYLER<\/strong>\u2014Sr. General de brigada, D. Juli\u00e1n Su\u00e1rez Incl\u00e1n: Bah\u00eda Honda (2)\u201d.<\/p>\n<p>Por o<img loading=\"lazy\" class=\"size-medium wp-image-1285 alignleft\" src=\"http:\/\/www.ecosdemantua.cu\/wp-content\/uploads\/2018\/07\/reconcentracion21-300x204.jpg\" alt=\"\" width=\"300\" height=\"204\" srcset=\"http:\/\/www.ecosdemantua.cu\/wp-content\/uploads\/2018\/07\/reconcentracion21-300x204.jpg 300w, http:\/\/www.ecosdemantua.cu\/wp-content\/uploads\/2018\/07\/reconcentracion21-150x102.jpg 150w, http:\/\/www.ecosdemantua.cu\/wp-content\/uploads\/2018\/07\/reconcentracion21.jpg 314w\" sizes=\"(max-width: 300px) 100vw, 300px\" \/>tra parte:<\/p>\n<p>\u201cSe orden\u00f3 cambiar por Mauser espa\u00f1ol el armamento del Was-R\u00e1s y que se le enviasen las municiones pedidas contando con este cambio. El armamento para voluntarios \u00f3 guerrillas era del modelo R\u00e9mington 1871, que se enviar\u00eda en el vapor <em>Trit\u00f3n <\/em>para aquellos poblados de ese territorio ocupados, y aunque algunos estuviesen\u00a0 quemados, si las familias los quer\u00edan reconstruir hab\u00eda que protegerlas; al igual que la recogida del tabaco que pueda salvarse por ser de vital importancia para esa provincia. Situar los destacamentos necesarios en las estaciones \u00f3pticas, y la escolta \u00f3 columna de comunicaciones puede formarse con la compa\u00f1\u00eda de Ingenieros, una de San Quint\u00edn, una de Cantabria \u00f3 Guardia civil, cincuenta caballos y la secci\u00f3n de telegraf\u00eda \u00f3ptica (3)\u2026\u201d.<\/p>\n<p>NOTAS<\/p>\n<ul>\n<li>Weyler <strong><em>Mi Mando en Cuba. (10 de Febrero de 1896 \u00e1 31 de Octubre de 1897). Historia Militar y Pol\u00edtica de la \u00daltima Guerra Separatista Durante Dicho Mando<\/em><\/strong>. Felipe Gonz\u00e1lez Rojas Editor. Imprenta, Litograf\u00eda y casa Editorial de Felipe Gonz\u00e1lez Rojas. Madrid 1910. Tomo I, pp.\u00a0 326 a 331.<\/li>\n<li>Obra citada. Tomo I: \u00d3rdenes para las operaciones, 12 de abril de 1896, p. 329.<\/li>\n<li>, p. 352.<\/li>\n<\/ul>\n","protected":false},"excerpt":{"rendered":"<p>Por Enrique Pertierra Con el fin expreso de eliminar el peligro que supon\u00eda Maceo al frente de un nutrido ej\u00e9rcito desplegado en casi todo el territorio de la Vuelta Abajo, el general Valeriano Weyler y Nicolau, Capit\u00e1n General de la Isla de Cuba, deline\u00f3 un plan de operaciones en el que se expon\u00edan con claridad [&hellip;]<\/p>\n","protected":false},"author":1,"featured_media":0,"comment_status":"open","ping_status":"open","sticky":false,"template":"","format":"standard","meta":[],"categories":[6],"tags":[],"_links":{"self":[{"href":"http:\/\/www.ecosdemantua.cu\/index.php\/wp-json\/wp\/v2\/posts\/1282"}],"collection":[{"href":"http:\/\/www.ecosdemantua.cu\/index.php\/wp-json\/wp\/v2\/posts"}],"about":[{"href":"http:\/\/www.ecosdemantua.cu\/index.php\/wp-json\/wp\/v2\/types\/post"}],"author":[{"embeddable":true,"href":"http:\/\/www.ecosdemantua.cu\/index.php\/wp-json\/wp\/v2\/users\/1"}],"replies":[{"embeddable":true,"href":"http:\/\/www.ecosdemantua.cu\/index.php\/wp-json\/wp\/v2\/comments?post=1282"}],"version-history":[{"count":1,"href":"http:\/\/www.ecosdemantua.cu\/index.php\/wp-json\/wp\/v2\/posts\/1282\/revisions"}],"predecessor-version":[{"id":1286,"href":"http:\/\/www.ecosdemantua.cu\/index.php\/wp-json\/wp\/v2\/posts\/1282\/revisions\/1286"}],"wp:attachment":[{"href":"http:\/\/www.ecosdemantua.cu\/index.php\/wp-json\/wp\/v2\/media?parent=1282"}],"wp:term":[{"taxonomy":"category","embeddable":true,"href":"http:\/\/www.ecosdemantua.cu\/index.php\/wp-json\/wp\/v2\/categories?post=1282"},{"taxonomy":"post_tag","embeddable":true,"href":"http:\/\/www.ecosdemantua.cu\/index.php\/wp-json\/wp\/v2\/tags?post=1282"}],"curies":[{"name":"wp","href":"https:\/\/api.w.org\/{rel}","templated":true}]}}