{"id":1287,"date":"2018-07-21T16:33:17","date_gmt":"2018-07-21T16:33:17","guid":{"rendered":"http:\/\/www.ecosdemantua.cu\/?p=1287"},"modified":"2018-07-21T16:37:03","modified_gmt":"2018-07-21T16:37:03","slug":"un-raro-poema-persa-escrito-en-la-remota-antiguedad","status":"publish","type":"post","link":"http:\/\/www.ecosdemantua.cu\/index.php\/2018\/07\/21\/un-raro-poema-persa-escrito-en-la-remota-antiguedad\/","title":{"rendered":"Un Raro Poema Persa escrito en la Remota Antig\u00fcedad"},"content":{"rendered":"<p><img loading=\"lazy\" class=\" wp-image-1288 alignleft\" src=\"http:\/\/www.ecosdemantua.cu\/wp-content\/uploads\/2018\/07\/carros-falcados-persas-300x221.png\" alt=\"\" width=\"318\" height=\"234\" srcset=\"http:\/\/www.ecosdemantua.cu\/wp-content\/uploads\/2018\/07\/carros-falcados-persas-300x221.png 300w, http:\/\/www.ecosdemantua.cu\/wp-content\/uploads\/2018\/07\/carros-falcados-persas-600x441.png 600w, http:\/\/www.ecosdemantua.cu\/wp-content\/uploads\/2018\/07\/carros-falcados-persas-150x110.png 150w, http:\/\/www.ecosdemantua.cu\/wp-content\/uploads\/2018\/07\/carros-falcados-persas-768x565.png 768w, http:\/\/www.ecosdemantua.cu\/wp-content\/uploads\/2018\/07\/carros-falcados-persas-1024x753.png 1024w, http:\/\/www.ecosdemantua.cu\/wp-content\/uploads\/2018\/07\/carros-falcados-persas.png 1224w\" sizes=\"(max-width: 318px) 100vw, 318px\" \/> En \u00e9pocas posteriores a\u00a0 Luciano, habr\u00eda que esperar mucho tiempo para encontrar una nueva obra sobre el tema del vuelo espacial.<\/p>\n<p><!--more--><\/p>\n<p>En el siglo X\u00a0 fue el poeta persa Firdousi quien describi\u00f3 un viaje a la Luna en una nave impulsada por el viento en su magistral <em><strong>Sh\u0101hn\u0101meh<\/strong><\/em> (<strong><em>El libro de los reyes<\/em><\/strong>) compuesto por sesenta mil coplas. Abu Ol-Quasem Mansur (935-40-1020) que era su verdadero nombre, dedic\u00f3 treinta y cinco a\u00f1os a escribir en Tus (ahora provincia iran\u00ed de Koras\u00e1n) la \u00e9pica basada en textos del siglo VII, que\u00a0 m\u00e1s bien puede emparentarse con\u00a0 la epopeya anterior a Luciano, aunque presumiblemente el medio para viajar a la Luna haya sido tomado de la <strong><em>Historia verdadera<\/em><\/strong>.<\/p>\n<p>El poema, escrito en unos 50.000 d\u00edsticos o estrofas de dos versos, atesoraba tambi\u00e9n\u00a0 antiguas ley<\/p>\n<p>endas que no hab\u00edan sido recogidas con anterioridad, una de\u00a0 ellas contentiva de un viaje maravilloso hacia los cielos\u2026<\/p>\n<p><img loading=\"lazy\" class=\"size-medium wp-image-1289 alignnone\" src=\"http:\/\/www.ecosdemantua.cu\/wp-content\/uploads\/2018\/07\/iStock-495881004-736x400-300x163.jpg\" alt=\"\" width=\"300\" height=\"163\" srcset=\"http:\/\/www.ecosdemantua.cu\/wp-content\/uploads\/2018\/07\/iStock-495881004-736x400-300x163.jpg 300w, http:\/\/www.ecosdemantua.cu\/wp-content\/uploads\/2018\/07\/iStock-495881004-736x400-600x326.jpg 600w, http:\/\/www.ecosdemantua.cu\/wp-content\/uploads\/2018\/07\/iStock-495881004-736x400-150x82.jpg 150w, http:\/\/www.ecosdemantua.cu\/wp-content\/uploads\/2018\/07\/iStock-495881004-736x400.jpg 736w\" sizes=\"(max-width: 300px) 100vw, 300px\" \/><\/p>\n<p>\u201cEl\u00a0 alma de aquel rey estaba llena de pensamientos sobre c\u00f3mo pod\u00eda elevarse a los aires sin alas.<\/p>\n<p>\u201c\u00c9l hizo muchas preguntas a los sabios acerca de cu\u00e1n lejos estaba la Tierra de la Luna\u2026<\/p>\n<p>\u201cEntonces fue a buscar cuatro \u00e1guilas vigorosas y las at\u00f3 firmemente al trono.<\/p>\n<p>\u201cKain-Kalus se sent\u00f3 en el trono despu\u00e9s de haber colocado una copa de vino frente a \u00e9l.<\/p>\n<p>\u201cCuando las veloces \u00e1guilas tuvieron hambre, se precipitaron hacia la comida [piernas de cordero suspendidas de\u00a0 lanzas fijadas al lado del trono].<\/p>\n<p>\u201cEntonces levantaron el trono de la faz de la Tierra y se elevaron desde la planicie hasta perderse entre las nubes\u201d.<\/p>\n<p>Despu\u00e9s, la consolidaci\u00f3n del dogma teol\u00f3gico en los inicios de la Edad Media dio al traste con las corrientes literarias que difund\u00edan la idea del vuelo espacial y s\u00f3lo en la \u00e9poca del Renacimiento pudo abordarse de nuevo en Europa.<\/p>\n<p>Estimulados por las teor\u00edas y descubrimientos de Cop\u00e9rnico, Kepler y Galileo entre 1543 y 1610, algunos retomaron el tema y desempolvaron viejas ideas. <strong><em>La Historia verdadera\u00a0 <\/em><\/strong>de Luciano fue traducida al lat\u00edn por Johannes Kepler y reimpresa cinco veces. Su influencia en pa\u00edses como Alemania, Inglaterra y Francia es m\u00e1s que evidente.<\/p>\n","protected":false},"excerpt":{"rendered":"<p>En \u00e9pocas posteriores a\u00a0 Luciano, habr\u00eda que esperar mucho tiempo para encontrar una nueva obra sobre el tema del vuelo espacial.<\/p>\n","protected":false},"author":1,"featured_media":0,"comment_status":"open","ping_status":"open","sticky":false,"template":"","format":"standard","meta":[],"categories":[6],"tags":[],"_links":{"self":[{"href":"http:\/\/www.ecosdemantua.cu\/index.php\/wp-json\/wp\/v2\/posts\/1287"}],"collection":[{"href":"http:\/\/www.ecosdemantua.cu\/index.php\/wp-json\/wp\/v2\/posts"}],"about":[{"href":"http:\/\/www.ecosdemantua.cu\/index.php\/wp-json\/wp\/v2\/types\/post"}],"author":[{"embeddable":true,"href":"http:\/\/www.ecosdemantua.cu\/index.php\/wp-json\/wp\/v2\/users\/1"}],"replies":[{"embeddable":true,"href":"http:\/\/www.ecosdemantua.cu\/index.php\/wp-json\/wp\/v2\/comments?post=1287"}],"version-history":[{"count":3,"href":"http:\/\/www.ecosdemantua.cu\/index.php\/wp-json\/wp\/v2\/posts\/1287\/revisions"}],"predecessor-version":[{"id":1292,"href":"http:\/\/www.ecosdemantua.cu\/index.php\/wp-json\/wp\/v2\/posts\/1287\/revisions\/1292"}],"wp:attachment":[{"href":"http:\/\/www.ecosdemantua.cu\/index.php\/wp-json\/wp\/v2\/media?parent=1287"}],"wp:term":[{"taxonomy":"category","embeddable":true,"href":"http:\/\/www.ecosdemantua.cu\/index.php\/wp-json\/wp\/v2\/categories?post=1287"},{"taxonomy":"post_tag","embeddable":true,"href":"http:\/\/www.ecosdemantua.cu\/index.php\/wp-json\/wp\/v2\/tags?post=1287"}],"curies":[{"name":"wp","href":"https:\/\/api.w.org\/{rel}","templated":true}]}}