{"id":1604,"date":"2018-12-18T16:10:21","date_gmt":"2018-12-18T16:10:21","guid":{"rendered":"http:\/\/www.ecosdemantua.cu\/?p=1604"},"modified":"2018-12-18T16:10:21","modified_gmt":"2018-12-18T16:10:21","slug":"comunicacion-institucional-y-gobernabilidad-en-mantua","status":"publish","type":"post","link":"http:\/\/www.ecosdemantua.cu\/index.php\/2018\/12\/18\/comunicacion-institucional-y-gobernabilidad-en-mantua\/","title":{"rendered":"Comunicaci\u00f3n institucional y gobernabilidad en Mantua"},"content":{"rendered":"<p><img loading=\"lazy\" class=\"size-medium wp-image-1607 alignleft\" src=\"http:\/\/www.ecosdemantua.cu\/wp-content\/uploads\/2018\/12\/Fotogramas-TV-Comunitaria-3-300x169.png\" alt=\"\" width=\"300\" height=\"169\" srcset=\"http:\/\/www.ecosdemantua.cu\/wp-content\/uploads\/2018\/12\/Fotogramas-TV-Comunitaria-3-300x169.png 300w, http:\/\/www.ecosdemantua.cu\/wp-content\/uploads\/2018\/12\/Fotogramas-TV-Comunitaria-3-150x84.png 150w, http:\/\/www.ecosdemantua.cu\/wp-content\/uploads\/2018\/12\/Fotogramas-TV-Comunitaria-3-768x432.png 768w, http:\/\/www.ecosdemantua.cu\/wp-content\/uploads\/2018\/12\/Fotogramas-TV-Comunitaria-3.png 800w\" sizes=\"(max-width: 300px) 100vw, 300px\" \/><a href=\"http:\/\/www.telepinar.icrt.cu\/comunicacion-institucional-y-gobernabilidad-en-mantua\/\"><strong>Por L\u00e1zaro Boza Boza\/ Tomado de TelePinar<\/strong><\/a><\/p>\n<p>No es un asunto concluso, y mucho se ha de andar para que funcione tal como se espera y se sue\u00f1a, pero hay claridad de sus reglas, principios, procedimientos y aplicaciones con intenciones persuasivas, para influir en los destinatarios y realizar el bien p\u00fablico. Indudablemente, y al amparo de las tecnolog\u00edas, la comunicaci\u00f3n institucional constituye la novedad del momento y oportunidad para emplear un lenguaje diferente en la relaci\u00f3n del pueblo con sus gobernantes.<br \/>\nY es que su potencial para establecer matrices de opini\u00f3n y optimizar procesos en el entramado social la convierte en herramienta invaluable de la gesti\u00f3n de los gobiernos municipales.<br \/>\nEn el plano local, los mejores presupuestos de la comunicaci\u00f3n institucional radican en la socializaci\u00f3n de la informaci\u00f3n para el fortalecimiento de la gobernabilidad y la participaci\u00f3n, al facilitar diversidad de opiniones y retroalimentaci\u00f3n sistem\u00e1tica y multidi<img loading=\"lazy\" class=\"size-medium wp-image-1605 alignleft\" src=\"http:\/\/www.ecosdemantua.cu\/wp-content\/uploads\/2018\/12\/Fotogramas-TV-Comunitaria-1-300x169.png\" alt=\"\" width=\"300\" height=\"169\" srcset=\"http:\/\/www.ecosdemantua.cu\/wp-content\/uploads\/2018\/12\/Fotogramas-TV-Comunitaria-1-300x169.png 300w, http:\/\/www.ecosdemantua.cu\/wp-content\/uploads\/2018\/12\/Fotogramas-TV-Comunitaria-1-150x84.png 150w, http:\/\/www.ecosdemantua.cu\/wp-content\/uploads\/2018\/12\/Fotogramas-TV-Comunitaria-1-768x432.png 768w, http:\/\/www.ecosdemantua.cu\/wp-content\/uploads\/2018\/12\/Fotogramas-TV-Comunitaria-1.png 800w\" sizes=\"(max-width: 300px) 100vw, 300px\" \/>reccional entre los ciudadanos, las entidades del poder popular y los centros administrativos y de servicios.<br \/>\nSitios Webs, publicaciones peri\u00f3dicas y un desarrollo creciente de las infograf\u00edas p\u00fablicas refrendan un modo diferente de interacci\u00f3n con el pueblo. Los que trabajan esta esfera en las instituciones locales se encargan de estudiar y conocer la identidad del territorio para despu\u00e9s plasmarla en cada producto comunicativo y el consciente de cada ciudadano participante, directa o indirectamente, en la gesti\u00f3n de gobierno, buscando credibilidad, relevancia y empat\u00eda.<br \/>\nLa reciente experiencia de Mantua demuestra que, lejos de significar desinter\u00e9s, la gobernabilidad, apoyada por novedosos presupuestos tecnol\u00f3gicos, se manifiesta en la participaci\u00f3n, la pluralidad y la relaci\u00f3n m\u00e1s estrecha de los ciudadanos con sus l\u00edderes elegidos.<br \/>\nLas publicaciones digitales de la localidad, la experimentaci\u00f3n semi\u00f3tica y la posibilidad del mensaje electr\u00f3nico directo, desde y hacia los decisores, han estimulado el surgimiento de un ambiente participativo que se manifiesta en el entorno virtual de las re<img loading=\"lazy\" class=\"size-medium wp-image-1606 alignleft\" src=\"http:\/\/www.ecosdemantua.cu\/wp-content\/uploads\/2018\/12\/Fotogramas-TV-Comunitaria-2-300x169.png\" alt=\"\" width=\"300\" height=\"169\" srcset=\"http:\/\/www.ecosdemantua.cu\/wp-content\/uploads\/2018\/12\/Fotogramas-TV-Comunitaria-2-300x169.png 300w, http:\/\/www.ecosdemantua.cu\/wp-content\/uploads\/2018\/12\/Fotogramas-TV-Comunitaria-2-150x84.png 150w, http:\/\/www.ecosdemantua.cu\/wp-content\/uploads\/2018\/12\/Fotogramas-TV-Comunitaria-2-768x432.png 768w, http:\/\/www.ecosdemantua.cu\/wp-content\/uploads\/2018\/12\/Fotogramas-TV-Comunitaria-2.png 800w\" sizes=\"(max-width: 300px) 100vw, 300px\" \/>des sociales, las rendiciones de cuenta y el efecto inmediato sobre los ciudadanos de los comentarios, reportajes y entrevistas que cada s\u00e1bado transmite la televisi\u00f3n comunitaria.<br \/>\nEs bueno se\u00f1alar en este punto que, la radio y la prensa televisiva locales han duplicado los beneficios de la informaci\u00f3n pr\u00f3xima, sin recurrir a filtros e interpretaciones suplementarias: noticieros semanales hechos por la comunidad y para la comunidad, promociones, dossiers, dramatizados, c\u00e1psulas de facilitaci\u00f3n social y espacios de informaci\u00f3n destinados a los pobladores clarifican la gesti\u00f3n administrativa local, gestionan la soluci\u00f3n de planteamientos y apoyan la marcha de procesos que inciden directamente sobre la calidad de vida de los pobladores.<br \/>\nEl sistema de comunicaci\u00f3n local genera, adem\u00e1s, paquetes informativos para delegados y cuadros administrativos quienes desempe\u00f1an un rol determinante en la forma de pensar y actuar de los ciudadanos. Desde la aplicaci\u00f3n de estrategias comunicativas, se maneja un estatus de aclaraci\u00f3n y explicaci\u00f3n, que solo ha sido posible al comprender el rol de la com<img loading=\"lazy\" class=\"size-medium wp-image-1608 alignleft\" src=\"http:\/\/www.ecosdemantua.cu\/wp-content\/uploads\/2018\/12\/Fotogramas-TV-Comunitaria-4-300x169.png\" alt=\"\" width=\"300\" height=\"169\" srcset=\"http:\/\/www.ecosdemantua.cu\/wp-content\/uploads\/2018\/12\/Fotogramas-TV-Comunitaria-4-300x169.png 300w, http:\/\/www.ecosdemantua.cu\/wp-content\/uploads\/2018\/12\/Fotogramas-TV-Comunitaria-4-150x84.png 150w, http:\/\/www.ecosdemantua.cu\/wp-content\/uploads\/2018\/12\/Fotogramas-TV-Comunitaria-4-768x432.png 768w, http:\/\/www.ecosdemantua.cu\/wp-content\/uploads\/2018\/12\/Fotogramas-TV-Comunitaria-4.png 800w\" sizes=\"(max-width: 300px) 100vw, 300px\" \/>unicaci\u00f3n institucional para el contacto efectivo con la ciudadan\u00eda.<br \/>\nLas redes sociales juegan, cada vez, mayor protagonismo en la gesti\u00f3n del gobierno local. Perfiles y publicaciones sistem\u00e1ticas contribuyen a un clima de transparencia que propicia el debate, conocimiento de primera mano de las tendencias opin\u00e1ticas y la orientaci\u00f3n constante de las l\u00edneas de trabajo.<br \/>\nEn la actualidad Mantua y Consolaci\u00f3n del Sur fomentan la aplicaci\u00f3n de estrategias comunicativas en las empresas y entidades locales, como v\u00edas para encausar los m\u00e9todos de direcci\u00f3n, la interacci\u00f3n con los trabajadores y la optimizaci\u00f3n de los procesos productivos.<\/p>\n","protected":false},"excerpt":{"rendered":"<p>Por L\u00e1zaro Boza Boza\/ Tomado de TelePinar No es un asunto concluso, y mucho se ha de andar para que funcione tal como se espera y se sue\u00f1a, pero hay claridad de sus reglas, principios, procedimientos y aplicaciones con intenciones persuasivas, para influir en los destinatarios y realizar el bien p\u00fablico. Indudablemente, y al amparo [&hellip;]<\/p>\n","protected":false},"author":1,"featured_media":0,"comment_status":"open","ping_status":"open","sticky":false,"template":"","format":"standard","meta":[],"categories":[19,5],"tags":[],"_links":{"self":[{"href":"http:\/\/www.ecosdemantua.cu\/index.php\/wp-json\/wp\/v2\/posts\/1604"}],"collection":[{"href":"http:\/\/www.ecosdemantua.cu\/index.php\/wp-json\/wp\/v2\/posts"}],"about":[{"href":"http:\/\/www.ecosdemantua.cu\/index.php\/wp-json\/wp\/v2\/types\/post"}],"author":[{"embeddable":true,"href":"http:\/\/www.ecosdemantua.cu\/index.php\/wp-json\/wp\/v2\/users\/1"}],"replies":[{"embeddable":true,"href":"http:\/\/www.ecosdemantua.cu\/index.php\/wp-json\/wp\/v2\/comments?post=1604"}],"version-history":[{"count":1,"href":"http:\/\/www.ecosdemantua.cu\/index.php\/wp-json\/wp\/v2\/posts\/1604\/revisions"}],"predecessor-version":[{"id":1609,"href":"http:\/\/www.ecosdemantua.cu\/index.php\/wp-json\/wp\/v2\/posts\/1604\/revisions\/1609"}],"wp:attachment":[{"href":"http:\/\/www.ecosdemantua.cu\/index.php\/wp-json\/wp\/v2\/media?parent=1604"}],"wp:term":[{"taxonomy":"category","embeddable":true,"href":"http:\/\/www.ecosdemantua.cu\/index.php\/wp-json\/wp\/v2\/categories?post=1604"},{"taxonomy":"post_tag","embeddable":true,"href":"http:\/\/www.ecosdemantua.cu\/index.php\/wp-json\/wp\/v2\/tags?post=1604"}],"curies":[{"name":"wp","href":"https:\/\/api.w.org\/{rel}","templated":true}]}}