{"id":1643,"date":"2019-02-12T18:56:20","date_gmt":"2019-02-12T18:56:20","guid":{"rendered":"http:\/\/www.ecosdemantua.cu\/?p=1643"},"modified":"2019-02-12T19:09:15","modified_gmt":"2019-02-12T19:09:15","slug":"joya-de-la-cinematografia-infantil-en-cuba","status":"publish","type":"post","link":"http:\/\/www.ecosdemantua.cu\/index.php\/2019\/02\/12\/joya-de-la-cinematografia-infantil-en-cuba\/","title":{"rendered":"Joya de la cinematograf\u00eda infantil en Cuba"},"content":{"rendered":"<p><img loading=\"lazy\" class=\"size-medium wp-image-1645 alignleft\" src=\"http:\/\/www.ecosdemantua.cu\/wp-content\/uploads\/2019\/02\/Recuerdos-de-C\u00e1mara-Chica-4-300x169.jpg\" alt=\"\" width=\"300\" height=\"169\" srcset=\"http:\/\/www.ecosdemantua.cu\/wp-content\/uploads\/2019\/02\/Recuerdos-de-C\u00e1mara-Chica-4-300x169.jpg 300w, http:\/\/www.ecosdemantua.cu\/wp-content\/uploads\/2019\/02\/Recuerdos-de-C\u00e1mara-Chica-4-150x85.jpg 150w, http:\/\/www.ecosdemantua.cu\/wp-content\/uploads\/2019\/02\/Recuerdos-de-C\u00e1mara-Chica-4-768x433.jpg 768w, http:\/\/www.ecosdemantua.cu\/wp-content\/uploads\/2019\/02\/Recuerdos-de-C\u00e1mara-Chica-4.jpg 800w\" sizes=\"(max-width: 300px) 100vw, 300px\" \/><strong> Por L\u00e1zaro Boza Boza<\/strong><\/p>\n<p>Concluy\u00f3 el Segundo Festival Nacional de C\u00e1mara Chica, quedan los recuerdos indelebles\u00a0 de lo que impactara en la gran pantalla y las necesarias reflexiones acerca de un \u00a0evento que intenta revolucionar el audiovisual infantil en el pa\u00eds.<\/p>\n<p><!--more--><\/p>\n<p>Talleres de creaci\u00f3n, t\u00e9cnicas de gui\u00f3n, animaci\u00f3n y musicalizaci\u00f3n fueron el complemento de un esfuerzo que hacen el Sistema Nacional de Casas de Cultura y el British Council\u00a0 para que la vocaci\u00f3n y el gusto est\u00e9tico se empoderen\u00a0 del desarrollo de ni\u00f1os, adolescentes y j\u00f3venes de todo el pa\u00eds con inquietudes en el campo de la cinematograf\u00eda.<\/p>\n<p><img loading=\"lazy\" class=\"size-medium wp-image-1644 alignleft\" src=\"http:\/\/www.ecosdemantua.cu\/wp-content\/uploads\/2019\/02\/Recuerdos-de-C\u00e1mara-Chica-2-300x169.jpg\" alt=\"\" width=\"300\" height=\"169\" srcset=\"http:\/\/www.ecosdemantua.cu\/wp-content\/uploads\/2019\/02\/Recuerdos-de-C\u00e1mara-Chica-2-300x169.jpg 300w, http:\/\/www.ecosdemantua.cu\/wp-content\/uploads\/2019\/02\/Recuerdos-de-C\u00e1mara-Chica-2-150x85.jpg 150w, http:\/\/www.ecosdemantua.cu\/wp-content\/uploads\/2019\/02\/Recuerdos-de-C\u00e1mara-Chica-2-768x433.jpg 768w, http:\/\/www.ecosdemantua.cu\/wp-content\/uploads\/2019\/02\/Recuerdos-de-C\u00e1mara-Chica-2.jpg 800w\" sizes=\"(max-width: 300px) 100vw, 300px\" \/><\/p>\n<p>Decenas de obras visualizadas demostraron la capacidad y el \u00a0discernimiento de los menores para captar realidades cotidianas que\u00a0 los adultos, por lo general, pasamos por alto. Trabajos \u00a0nuevos, \u00a0y otros no tanto, \u00a0fueron portadores de un himno a la esperanza, a la capacidad para enmendar errores y la elecci\u00f3n de los mejores caminos para vivir en harmon\u00eda. Entre ellos, \u201cTe presto mis zapatos\u201d, obra finalista en el festival internacional \u201cOjo de pescado\u201d, celebrado en Chile, la que motiv\u00f3 aplausos de participantes e invitados.<\/p>\n<p>La \u201cprueba \u00e1cida\u201d del programa, superada con creces, \u00a0fue la muestra cinematogr\u00e1fica expuesta a escolares de los niveles primarios y secundarios de la ciudad de Pinar del R\u00edo. Un cine Praga, lleno de curiosidad, ausencia de compromiso y desbordado de energ\u00edas\u00a0 aplaudi\u00f3, chifl\u00f3, y como se dice en aut\u00e9ntico cubano, goz\u00f3 los cortometrajes, en los que, de forma individual o colectiva, identificaron sus intereses, motivaciones y afinidades con los eventos proyectados en la gran pantalla.<\/p>\n<p><img loading=\"lazy\" class=\"size-medium wp-image-1646 alignleft\" src=\"http:\/\/www.ecosdemantua.cu\/wp-content\/uploads\/2019\/02\/Recuerdos-de-C\u00e1mara-Chica-5-300x169.jpg\" alt=\"\" width=\"300\" height=\"169\" srcset=\"http:\/\/www.ecosdemantua.cu\/wp-content\/uploads\/2019\/02\/Recuerdos-de-C\u00e1mara-Chica-5-300x169.jpg 300w, http:\/\/www.ecosdemantua.cu\/wp-content\/uploads\/2019\/02\/Recuerdos-de-C\u00e1mara-Chica-5-150x85.jpg 150w, http:\/\/www.ecosdemantua.cu\/wp-content\/uploads\/2019\/02\/Recuerdos-de-C\u00e1mara-Chica-5-768x433.jpg 768w, http:\/\/www.ecosdemantua.cu\/wp-content\/uploads\/2019\/02\/Recuerdos-de-C\u00e1mara-Chica-5.jpg 800w\" sizes=\"(max-width: 300px) 100vw, 300px\" \/><\/p>\n<p>Todo no est\u00e1 logrado, \u00a0y en honor a la verdad, hay mucho por hacer para que C\u00e1mara Chica se consagre como un movimiento\u00a0 definitorio en la producci\u00f3n\u00a0 del audiovisual infantil en Cuba.<\/p>\n<p>Entre los puntos flacos se encuentran \u00a0la escasez de tecnolog\u00edas necesarias para que\u00a0 los chicos graben, experimenten y materialicen sus ideas a trav\u00e9s de obras terminadas y el asunto pendiente de la continuidad, perspectiva necesaria para que la vocaci\u00f3n no se trunque al llegar los menores participantes de este proyecto\u00a0 a la edad juvenil.<\/p>\n<p>Hasta el momento el perfil universitario para formar profesionales de la cinematograf\u00eda transita derroteros muy alejados de los municipios pinare\u00f1os y orientales donde este movimiento se ha hecho fuerte, por citar los ejemplos m\u00e1s significativos.<\/p>\n<p>De todas formas, y a pesar de dificultades materiales, que en alg\u00fan momento ser\u00e1n superadas, C\u00e1mara Chica es un acierto del Sistema Nacional de Casas de Cultura \u00a0y la misi\u00f3n del British Council en la isla.<\/p>\n<p>A este \u00faltimo, \u00a0\u00a0por el hecho de haber sido el detonante y mantener un alto esp\u00edritu de cooperaci\u00f3n, \u00a0el agradecimiento ha de ser imperecedero.<\/p>\n<p>A partir de ahora los mayores esfuerzos han de centrarse en lograr que no se pierda el talento de una generaci\u00f3n que ha encontrado en el audiovisual una forma de dignificar al ser humano, las relaciones familiares, \u00a0y la perspectiva de ser cada d\u00eda mejores ciudadanos.<\/p>\n<p>&nbsp;<\/p>\n","protected":false},"excerpt":{"rendered":"<p>Por L\u00e1zaro Boza Boza Concluy\u00f3 el Segundo Festival Nacional de C\u00e1mara Chica, quedan los recuerdos indelebles\u00a0 de lo que impactara en la gran pantalla y las necesarias reflexiones acerca de un \u00a0evento que intenta revolucionar el audiovisual infantil en el pa\u00eds.<\/p>\n","protected":false},"author":1,"featured_media":0,"comment_status":"open","ping_status":"open","sticky":false,"template":"","format":"standard","meta":[],"categories":[4],"tags":[],"_links":{"self":[{"href":"http:\/\/www.ecosdemantua.cu\/index.php\/wp-json\/wp\/v2\/posts\/1643"}],"collection":[{"href":"http:\/\/www.ecosdemantua.cu\/index.php\/wp-json\/wp\/v2\/posts"}],"about":[{"href":"http:\/\/www.ecosdemantua.cu\/index.php\/wp-json\/wp\/v2\/types\/post"}],"author":[{"embeddable":true,"href":"http:\/\/www.ecosdemantua.cu\/index.php\/wp-json\/wp\/v2\/users\/1"}],"replies":[{"embeddable":true,"href":"http:\/\/www.ecosdemantua.cu\/index.php\/wp-json\/wp\/v2\/comments?post=1643"}],"version-history":[{"count":3,"href":"http:\/\/www.ecosdemantua.cu\/index.php\/wp-json\/wp\/v2\/posts\/1643\/revisions"}],"predecessor-version":[{"id":1649,"href":"http:\/\/www.ecosdemantua.cu\/index.php\/wp-json\/wp\/v2\/posts\/1643\/revisions\/1649"}],"wp:attachment":[{"href":"http:\/\/www.ecosdemantua.cu\/index.php\/wp-json\/wp\/v2\/media?parent=1643"}],"wp:term":[{"taxonomy":"category","embeddable":true,"href":"http:\/\/www.ecosdemantua.cu\/index.php\/wp-json\/wp\/v2\/categories?post=1643"},{"taxonomy":"post_tag","embeddable":true,"href":"http:\/\/www.ecosdemantua.cu\/index.php\/wp-json\/wp\/v2\/tags?post=1643"}],"curies":[{"name":"wp","href":"https:\/\/api.w.org\/{rel}","templated":true}]}}